{"id":1348,"date":"2026-09-01T09:59:45","date_gmt":"2026-09-01T15:59:45","guid":{"rendered":"https:\/\/pacificcostarica.com\/por-que-las-empresas-necesitan-contenido-en-2026\/"},"modified":"2026-09-01T10:01:02","modified_gmt":"2026-09-01T16:01:02","slug":"por-que-las-empresas-necesitan-contenido-en-2026","status":"publish","type":"post","link":"https:\/\/pacificcostarica.com\/es\/por-que-las-empresas-necesitan-contenido-en-2026\/","title":{"rendered":"Por qu\u00e9 las empresas necesitan contenido en 2026"},"content":{"rendered":"<div class=\"fusion-fullwidth fullwidth-box fusion-builder-row-1 fusion-flex-container has-pattern-background has-mask-background nonhundred-percent-fullwidth non-hundred-percent-height-scrolling\" style=\"--link_color: hsla(var(--awb-color3-h),var(--awb-color3-s),var(--awb-color3-l),calc(var(--awb-color3-a) - 10%));--awb-border-radius-top-left:0px;--awb-border-radius-top-right:0px;--awb-border-radius-bottom-right:0px;--awb-border-radius-bottom-left:0px;--awb-padding-top:0px;--awb-padding-right:0px;--awb-padding-bottom:0px;--awb-padding-left:0px;--awb-padding-top-small:0px;--awb-padding-right-small:0px;--awb-padding-bottom-small:0px;--awb-padding-left-small:0px;--awb-flex-wrap:wrap;\" ><div class=\"fusion-builder-row fusion-row fusion-flex-align-items-flex-start fusion-flex-content-wrap\" style=\"max-width:1497.6px;margin-left: calc(-4% \/ 2 );margin-right: calc(-4% \/ 2 );\"><div class=\"fusion-layout-column fusion_builder_column fusion-builder-column-0 fusion_builder_column_1_1 1_1 fusion-flex-column\" style=\"--awb-bg-size:cover;--awb-width-large:100%;--awb-margin-top-large:0px;--awb-spacing-right-large:1.92%;--awb-margin-bottom-large:0px;--awb-spacing-left-large:1.92%;--awb-width-medium:100%;--awb-order-medium:0;--awb-spacing-right-medium:1.92%;--awb-spacing-left-medium:1.92%;--awb-width-small:100%;--awb-order-small:0;--awb-spacing-right-small:1.92%;--awb-spacing-left-small:1.92%;\"><div class=\"fusion-column-wrapper fusion-column-has-shadow fusion-flex-justify-content-flex-start fusion-content-layout-column\"><div class=\"fusion-title title fusion-title-1 fusion-sep-none fusion-title-text fusion-title-size-two\" style=\"--awb-margin-top-small:0px;--awb-margin-right-small:0px;--awb-margin-bottom-small:15px;--awb-margin-left-small:0px;--awb-font-size:var(--awb-typography2-font-size);\"><h2 class=\"fusion-title-heading title-heading-left\" style=\"font-family:var(--awb-typography2-font-family);font-weight:var(--awb-typography2-font-weight);font-style:var(--awb-typography2-font-style);margin:0;letter-spacing:var(--awb-typography2-letter-spacing);text-transform:var(--awb-typography2-text-transform);font-size:1em;line-height:var(--awb-typography2-line-height);\">Por qu\u00e9 las empresas de Costa Rica necesitan contenido fotogr\u00e1fico y de v\u00eddeo profesional en 2026<\/h2><\/div><div class=\"fusion-text fusion-text-1\"><p>Si el Instagram de su empresa funciona con fotos de iPhone tomadas entre tareas, no est\u00e1 solo \u2014 y tambi\u00e9n est\u00e1 dejando reservas sin aprovechar. En un mercado como Jac\u00f3, Los Sue\u00f1os y Manuel Antonio, donde los turistas eligen entre docenas de operadores tur\u00edsticos, restaurantes y alquileres vacacionales similares antes incluso de aterrizar, la calidad de sus fotos y v\u00eddeos es a menudo toda la propuesta de venta. Por eso la <a href=\"https:\/\/jacophotographer.com\/photography\/menu\/\">fotograf\u00eda comercial<\/a> en Costa Rica ha pasado de ser algo deseable a convertirse en una parte fundamental de hacer negocios.<\/p>\n<\/div><div class=\"fusion-title title fusion-title-2 fusion-sep-none fusion-title-text fusion-title-size-three\" style=\"--awb-margin-top-small:0px;--awb-margin-right-small:0px;--awb-margin-bottom-small:15px;--awb-margin-left-small:0px;--awb-font-size:var(--awb-typography2-font-size);\"><h3 class=\"fusion-title-heading title-heading-left\" style=\"font-family:var(--awb-typography2-font-family);font-weight:var(--awb-typography2-font-weight);font-style:var(--awb-typography2-font-style);margin:0;letter-spacing:var(--awb-typography2-letter-spacing);text-transform:var(--awb-typography2-text-transform);font-size:1em;line-height:var(--awb-typography2-line-height);\">El coste real del contenido visual de baja calidad<\/h3><\/div><div class=\"fusion-text fusion-text-2\"><p>Piense en c\u00f3mo un hu\u00e9sped potencial elige realmente d\u00f3nde comer, qu\u00e9 tour reservar o qu\u00e9 alquiler contratar. Est\u00e1 desplaz\u00e1ndose por las fotos de Instagram o Google Maps en un tel\u00e9fono, tomando una decisi\u00f3n en segundos. Las im\u00e1genes borrosas, oscuras o inconsistentes transmiten \u2014 con raz\u00f3n o sin ella \u2014 que la experiencia en s\u00ed tambi\u00e9n podr\u00eda ser inconsistente.  <\/p>\n<p>La <a href=\"https:\/\/jacophotographer.com\">fotograf\u00eda profesional<\/a> y el v\u00eddeo hacen lo contrario: transmiten calidad antes de que un hu\u00e9sped llegue. Una foto bien iluminada del men\u00fa, una toma con dron de su propiedad al atardecer o un reel de 15 segundos de hu\u00e9spedes riendo en un tour hacen m\u00e1s por convertir a un visitante en una reserva que otro p\u00e1rrafo de texto en el sitio web.<\/p>\n<\/div><div class=\"fusion-title title fusion-title-3 fusion-sep-none fusion-title-text fusion-title-size-three\" style=\"--awb-margin-top-small:0px;--awb-margin-right-small:0px;--awb-margin-bottom-small:15px;--awb-margin-left-small:0px;--awb-font-size:var(--awb-typography2-font-size);\"><h3 class=\"fusion-title-heading title-heading-left\" style=\"font-family:var(--awb-typography2-font-family);font-weight:var(--awb-typography2-font-weight);font-style:var(--awb-typography2-font-style);margin:0;letter-spacing:var(--awb-typography2-letter-spacing);text-transform:var(--awb-typography2-text-transform);font-size:1em;line-height:var(--awb-typography2-line-height);\">Qu\u00e9 cubre realmente el contenido de marca moderno<\/h3><\/div><div class=\"fusion-text fusion-text-3\"><p>Las empresas de turismo y hosteler\u00eda suelen necesitar una combinaci\u00f3n de:<\/p>\n<ul>\n<li><a href=\"https:\/\/jacophotographer.com\/photography\/menu\/\">Fotograf\u00eda de productos y men\u00fas<\/a> \u2014 para restaurantes, cafeter\u00edas y comercios, im\u00e1genes que hacen que la comida y los productos se vean tan bien como saben o se sienten<\/li>\n<li><a href=\"https:\/\/jacophotographer.com\/photography\/properties\/\">Fotograf\u00eda de propiedades e inmobiliaria<\/a> \u2014 tomas amplias y bien iluminadas m\u00e1s metraje con dron para alquileres vacacionales, hoteles y listados inmobiliarios<\/li>\n<li><a href=\"https:\/\/jacophotographer.com\/photography\/people\/\">Fotograf\u00edas de estilo de vida y acci\u00f3n<\/a> \u2014 hu\u00e9spedes experimentando realmente el tour, la piscina, la puesta de sol \u2014 no espacios vac\u00edos y preparados<\/li>\n<li><a href=\"https:\/\/jacophotographer.com\/photography\/film-video\/\">V\u00eddeo de formato corto y reels<\/a> \u2014 v\u00eddeo vertical creado espec\u00edficamente para Instagram y TikTok, no reutilizado de un v\u00eddeo promocional m\u00e1s largo<\/li>\n<li><a href=\"https:\/\/jacophotographer.com\/photography\/brands-business\/\">Im\u00e1genes corporativas y de marca<\/a> \u2014 retratos, fotos de equipo y tomas de oficina\/ubicaci\u00f3n para una presencia web profesional<\/li>\n<\/ul>\n<\/div><div class=\"fusion-title title fusion-title-4 fusion-sep-none fusion-title-text fusion-title-size-three\" style=\"--awb-margin-top-small:0px;--awb-margin-right-small:0px;--awb-margin-bottom-small:15px;--awb-margin-left-small:0px;--awb-font-size:var(--awb-typography2-font-size);\"><h3 class=\"fusion-title-heading title-heading-left\" style=\"font-family:var(--awb-typography2-font-family);font-weight:var(--awb-typography2-font-weight);font-style:var(--awb-typography2-font-style);margin:0;letter-spacing:var(--awb-typography2-letter-spacing);text-transform:var(--awb-typography2-text-transform);font-size:1em;line-height:var(--awb-typography2-line-height);\">Por qu\u00e9 el \u00abcontenido mensual\u00bb supera a una sesi\u00f3n \u00fanica<\/h3><\/div><div class=\"fusion-text fusion-text-4\"><p>Una sola sesi\u00f3n fotogr\u00e1fica le proporciona una biblioteca que queda obsoleta en una temporada. Los men\u00fas cambian, el personal rota y el algoritmo recompensa las cuentas que publican de forma constante, no las cuentas que publican una vez al trimestre. Por eso cada vez m\u00e1s empresas de Costa Rica est\u00e1n cambiando hacia <a href=\"https:\/\/jacophotographer.com\/social-media-content-pricing\/\">paquetes de contenido mensual<\/a>: una visita recurrente de un fot\u00f3grafo\/vide\u00f3grafo que captura material nuevo cada mes, para que sus canales sociales y sitio web nunca parezcan abandonados.  <\/p>\n<p>Este enfoque tambi\u00e9n construye una relaci\u00f3n de trabajo \u2014 un fot\u00f3grafo que visita mensualmente comprende su marca, su temporada alta y qu\u00e9 est\u00e1 convirtiendo realmente, en lugar de reaprender su negocio cada vez que reserva una sesi\u00f3n puntual.<\/p>\n<\/div><div class=\"fusion-title title fusion-title-5 fusion-sep-none fusion-title-text fusion-title-size-three\" style=\"--awb-margin-top-small:0px;--awb-margin-right-small:0px;--awb-margin-bottom-small:15px;--awb-margin-left-small:0px;--awb-font-size:var(--awb-typography2-font-size);\"><h3 class=\"fusion-title-heading title-heading-left\" style=\"font-family:var(--awb-typography2-font-family);font-weight:var(--awb-typography2-font-weight);font-style:var(--awb-typography2-font-style);margin:0;letter-spacing:var(--awb-typography2-letter-spacing);text-transform:var(--awb-typography2-text-transform);font-size:1em;line-height:var(--awb-typography2-line-height);\">El contenido de v\u00eddeo ya no es opcional<\/h3><\/div><div class=\"fusion-text fusion-text-5\"><p>El v\u00eddeo vertical corto ahora supera a las im\u00e1genes est\u00e1ticas en casi todas las plataformas relevantes para el marketing de turismo y hosteler\u00eda. Un sobrevuelo con dron de su propiedad, un reel de un d\u00eda en la vida de un tour o un resumen de 30 segundos de un evento cuenta una historia que una foto fija no puede. Las empresas que combinan fotograf\u00eda con contenido de v\u00eddeo regular est\u00e1n viendo un mayor engagement y, lo que es m\u00e1s importante, m\u00e1s consultas directas de personas que sent\u00edan que ya sab\u00edan qu\u00e9 esperar antes de contactarlas.<\/p>\n<\/div><div class=\"fusion-title title fusion-title-6 fusion-sep-none fusion-title-text fusion-title-size-four\" style=\"--awb-margin-top-small:0px;--awb-margin-right-small:0px;--awb-margin-bottom-small:15px;--awb-margin-left-small:0px;--awb-font-size:var(--awb-typography2-font-size);\"><h4 class=\"fusion-title-heading title-heading-left\" style=\"font-family:var(--awb-typography2-font-family);font-weight:var(--awb-typography2-font-weight);font-style:var(--awb-typography2-font-style);margin:0;letter-spacing:var(--awb-typography2-letter-spacing);text-transform:var(--awb-typography2-text-transform);font-size:1em;line-height:var(--awb-typography2-line-height);\">Construya un motor de contenido, no solo una biblioteca de fotos<\/h4><\/div><div class=\"fusion-text fusion-text-6\"><p>Las empresas que est\u00e1n ganando online en Jac\u00f3, Los Sue\u00f1os y Manuel Antonio ahora mismo no son necesariamente las que tienen los presupuestos m\u00e1s grandes \u2014 son las que tratan el contenido como una parte continua de las operaciones, de la misma manera que tratan el inventario o el personal.<\/p>\n<p><a href=\"https:\/\/jacophotographer.com\">Pacific Photography<\/a> trabaja con marcas de hosteler\u00eda, turismo y comercio minorista en todo el Pac\u00edfico Central para construir exactamente este tipo de motor de contenido \u2014 combinando fotograf\u00eda, metraje con dron y v\u00eddeo de formato corto en un ritmo mensual constante. Hable con nosotros sobre un plan de contenido para su empresa.<\/p>\n<\/div><div ><a class=\"fusion-button button-flat fusion-button-default-size button-default fusion-button-default button-1 fusion-button-default-span fusion-button-default-type\" target=\"_self\" title=\"Explore la creaci\u00f3n de contenido con Pacific Photography\" aria-label=\"Explore la creaci\u00f3n de contenido con Pacific Photography\" href=\"https:\/\/jacophotographer.com\"><span class=\"fusion-button-text awb-button__text awb-button__text--default\">Explore Pacific Photography<\/span><i class=\"fa-external-link-alt fas awb-button__icon awb-button__icon--default button-icon-right\" aria-hidden=\"true\"><\/i><\/a><\/div><\/div><\/div><\/div><\/div>\n","protected":false},"excerpt":{"rendered":"","protected":false},"author":1,"featured_media":1349,"comment_status":"closed","ping_status":"closed","sticky":false,"template":"","format":"standard","meta":{"footnotes":""},"categories":[49],"tags":[],"class_list":["post-1348","post","type-post","status-publish","format-standard","has-post-thumbnail","hentry","category-fotografia-2"],"aioseo_notices":[],"aioseo_head":"\n\t\t<!-- All in One SEO Pro 5.0.1.1 - aioseo.com -->\n\t<meta name=\"description\" content=\"Por qu\u00e9 las empresas de turismo y hosteler\u00eda de Costa Rica necesitan contenido fotogr\u00e1fico y de v\u00eddeo profesional en 2026 \u2014 y qu\u00e9 ofrece realmente un paquete de contenido mensual.\" \/>\n\t<meta name=\"robots\" content=\"max-image-preview:large\" \/>\n\t<meta name=\"author\" content=\"Pacific\"\/>\n\t<meta name=\"keywords\" content=\"fotograf\u00eda comercial costa rica,creaci\u00f3n de contenido para empresas costa rica,fotograf\u00eda de marca jac\u00f3,contenido para redes sociales costa rica,fotograf\u00eda\" \/>\n\t<link rel=\"canonical\" href=\"https:\/\/pacificcostarica.com\/es\/por-que-las-empresas-necesitan-contenido-en-2026\/\" \/>\n\t<meta name=\"generator\" content=\"All in One SEO Pro (AIOSEO) 5.0.1.1\" \/>\n\t\t<meta property=\"og:locale\" content=\"es_ES\" \/>\n\t\t<meta property=\"og:site_name\" content=\"Pacific Creative Studio | Building Brands. Crafting Stories. Creating Experiences\" \/>\n\t\t<meta property=\"og:type\" content=\"article\" \/>\n\t\t<meta property=\"og:title\" content=\"Por qu\u00e9 las empresas necesitan contenido en 2026 | Pacific Photography\" \/>\n\t\t<meta property=\"og:description\" content=\"Por qu\u00e9 las empresas de turismo y hosteler\u00eda de Costa Rica necesitan contenido fotogr\u00e1fico y de v\u00eddeo profesional en 2026 \u2014 y qu\u00e9 ofrece realmente un paquete de contenido mensual.\" \/>\n\t\t<meta property=\"og:url\" content=\"https:\/\/pacificcostarica.com\/es\/por-que-las-empresas-necesitan-contenido-en-2026\/\" \/>\n\t\t<meta property=\"og:image\" content=\"https:\/\/pacificcostarica.com\/wp-content\/uploads\/2026\/09\/brands-and-businesses-photography-costa-rica.webp\" \/>\n\t\t<meta property=\"og:image:secure_url\" content=\"https:\/\/pacificcostarica.com\/wp-content\/uploads\/2026\/09\/brands-and-businesses-photography-costa-rica.webp\" \/>\n\t\t<meta property=\"og:image:width\" content=\"1800\" \/>\n\t\t<meta property=\"og:image:height\" content=\"1201\" \/>\n\t\t<meta property=\"article:tag\" content=\"commercial photography costa rica\" \/>\n\t\t<meta property=\"article:tag\" content=\"content creation for businesses costa rica\" \/>\n\t\t<meta property=\"article:tag\" content=\"brand photography jaco\" \/>\n\t\t<meta property=\"article:tag\" content=\"social media content costa rica\" \/>\n\t\t<meta property=\"article:published_time\" content=\"2026-09-01T15:59:45+00:00\" \/>\n\t\t<meta property=\"article:modified_time\" content=\"2026-09-01T16:01:02+00:00\" \/>\n\t\t<meta property=\"article:publisher\" content=\"https:\/\/www.facebook.com\/pacificstudio.cr\" \/>\n\t\t<meta name=\"twitter:card\" content=\"summary_large_image\" \/>\n\t\t<meta name=\"twitter:title\" content=\"Por qu\u00e9 las empresas necesitan contenido en 2026 | Pacific Photography\" \/>\n\t\t<meta name=\"twitter:description\" content=\"Por qu\u00e9 las empresas de turismo y hosteler\u00eda de Costa Rica necesitan contenido fotogr\u00e1fico y de v\u00eddeo profesional en 2026 \u2014 y qu\u00e9 ofrece realmente un paquete de contenido mensual.\" \/>\n\t\t<meta name=\"twitter:image\" content=\"https:\/\/pacificcostarica.com\/wp-content\/uploads\/2026\/09\/brands-and-businesses-photography-costa-rica.webp\" \/>\n\t\t<script type=\"application\/ld+json\" class=\"aioseo-schema\">\n\t\t\t{\"@context\":\"https:\\\/\\\/schema.org\",\"@graph\":[{\"@type\":\"BlogPosting\",\"@id\":\"https:\\\/\\\/pacificcostarica.com\\\/es\\\/por-que-las-empresas-necesitan-contenido-en-2026\\\/#blogposting\",\"name\":\"Por qu\\u00e9 las empresas necesitan contenido en 2026 | Pacific Photography\",\"headline\":\"Por qu\\u00e9 las empresas necesitan contenido en 2026\",\"author\":{\"@id\":\"https:\\\/\\\/pacificcostarica.com\\\/es\\\/author\\\/pacificmarketingagency\\\/#author\"},\"publisher\":{\"@id\":\"https:\\\/\\\/pacificcostarica.com\\\/es\\\/#organization\"},\"image\":{\"@type\":\"ImageObject\",\"url\":\"https:\\\/\\\/pacificcostarica.com\\\/wp-content\\\/uploads\\\/2026\\\/09\\\/brands-and-businesses-photography-costa-rica.webp\",\"width\":1800,\"height\":1201},\"datePublished\":\"2026-09-01T09:59:45-06:00\",\"dateModified\":\"2026-09-01T10:01:02-06:00\",\"inLanguage\":\"es-ES\",\"mainEntityOfPage\":{\"@id\":\"https:\\\/\\\/pacificcostarica.com\\\/es\\\/por-que-las-empresas-necesitan-contenido-en-2026\\\/#webpage\"},\"isPartOf\":{\"@id\":\"https:\\\/\\\/pacificcostarica.com\\\/es\\\/por-que-las-empresas-necesitan-contenido-en-2026\\\/#webpage\"},\"articleSection\":\"Fotograf\\u00eda, Opcional\"},{\"@type\":\"BreadcrumbList\",\"@id\":\"https:\\\/\\\/pacificcostarica.com\\\/es\\\/por-que-las-empresas-necesitan-contenido-en-2026\\\/#breadcrumblist\",\"itemListElement\":[{\"@type\":\"ListItem\",\"@id\":\"https:\\\/\\\/pacificcostarica.com\\\/es\\\/#listItem\",\"position\":1,\"name\":\"Home\",\"item\":\"https:\\\/\\\/pacificcostarica.com\\\/es\\\/\",\"nextItem\":{\"@type\":\"ListItem\",\"@id\":\"https:\\\/\\\/pacificcostarica.com\\\/es\\\/category\\\/fotografia-2\\\/#listItem\",\"name\":\"Fotograf\\u00eda\"}},{\"@type\":\"ListItem\",\"@id\":\"https:\\\/\\\/pacificcostarica.com\\\/es\\\/category\\\/fotografia-2\\\/#listItem\",\"position\":2,\"name\":\"Fotograf\\u00eda\",\"item\":\"https:\\\/\\\/pacificcostarica.com\\\/es\\\/category\\\/fotografia-2\\\/\",\"nextItem\":{\"@type\":\"ListItem\",\"@id\":\"https:\\\/\\\/pacificcostarica.com\\\/es\\\/por-que-las-empresas-necesitan-contenido-en-2026\\\/#listItem\",\"name\":\"Por qu\\u00e9 las empresas necesitan contenido en 2026\"},\"previousItem\":{\"@type\":\"ListItem\",\"@id\":\"https:\\\/\\\/pacificcostarica.com\\\/es\\\/#listItem\",\"name\":\"Home\"}},{\"@type\":\"ListItem\",\"@id\":\"https:\\\/\\\/pacificcostarica.com\\\/es\\\/por-que-las-empresas-necesitan-contenido-en-2026\\\/#listItem\",\"position\":3,\"name\":\"Por qu\\u00e9 las empresas necesitan contenido en 2026\",\"previousItem\":{\"@type\":\"ListItem\",\"@id\":\"https:\\\/\\\/pacificcostarica.com\\\/es\\\/category\\\/fotografia-2\\\/#listItem\",\"name\":\"Fotograf\\u00eda\"}}]},{\"@type\":\"Organization\",\"@id\":\"https:\\\/\\\/pacificcostarica.com\\\/es\\\/#organization\",\"name\":\"PACIFIC | Creative Studio\",\"description\":\"Building Brands. Crafting Stories. Creating Experiences. From visual storytelling to digital strategy, Pacific brings together photography, film, marketing, web design, and destination weddings under one creative vision.\",\"url\":\"https:\\\/\\\/pacificcostarica.com\\\/es\\\/\",\"email\":\"info@pacificcostarica.com\",\"telephone\":\"+50687070055\",\"foundingDate\":\"2020-04-10\",\"numberOfEmployees\":{\"@type\":\"QuantitativeValue\",\"minValue\":0,\"maxValue\":5},\"logo\":{\"@type\":\"ImageObject\",\"url\":\"https:\\\/\\\/pacificcostarica.com\\\/wp-content\\\/uploads\\\/2026\\\/07\\\/logo-alt-dark-x2.webp\",\"@id\":\"https:\\\/\\\/pacificcostarica.com\\\/es\\\/por-que-las-empresas-necesitan-contenido-en-2026\\\/#organizationLogo\",\"width\":500,\"height\":77,\"caption\":\"Pacific Creative Studio\"},\"image\":{\"@id\":\"https:\\\/\\\/pacificcostarica.com\\\/es\\\/por-que-las-empresas-necesitan-contenido-en-2026\\\/#organizationLogo\"},\"sameAs\":[\"https:\\\/\\\/www.facebook.com\\\/pacificstudio.cr\",\"https:\\\/\\\/www.instagram.com\\\/pacificstudio.cr\",\"https:\\\/\\\/www.tiktok.com\\\/@pacificstudio.cr\",\"https:\\\/\\\/www.youtube.com\\\/@pacificmarketingcr\",\"https:\\\/\\\/www.linkedin.com\\\/company\\\/pacificmarketingcr\\\/\"],\"address\":{\"@id\":\"https:\\\/\\\/pacificcostarica.com\\\/es\\\/#postaladdress\",\"@type\":\"PostalAddress\",\"streetAddress\":\"Jac\\u00f3\",\"postalCode\":\"61101\",\"addressLocality\":\"Jac\\u00f3\",\"addressRegion\":\"Puntarenas\",\"addressCountry\":\"CR\"},\"taxID\":\"112400331318\",\"vatID\":\"112400331318\"},{\"@type\":\"Person\",\"@id\":\"https:\\\/\\\/pacificcostarica.com\\\/es\\\/author\\\/pacificmarketingagency\\\/#author\",\"url\":\"https:\\\/\\\/pacificcostarica.com\\\/es\\\/author\\\/pacificmarketingagency\\\/\",\"name\":\"Pacific\"},{\"@type\":\"WebPage\",\"@id\":\"https:\\\/\\\/pacificcostarica.com\\\/es\\\/por-que-las-empresas-necesitan-contenido-en-2026\\\/#webpage\",\"url\":\"https:\\\/\\\/pacificcostarica.com\\\/es\\\/por-que-las-empresas-necesitan-contenido-en-2026\\\/\",\"name\":\"Por qu\\u00e9 las empresas necesitan contenido en 2026 | Pacific Photography\",\"description\":\"Por qu\\u00e9 las empresas de turismo y hosteler\\u00eda de Costa Rica necesitan contenido fotogr\\u00e1fico y de v\\u00eddeo profesional en 2026 \\u2014 y qu\\u00e9 ofrece realmente un paquete de contenido mensual.\",\"inLanguage\":\"es-ES\",\"isPartOf\":{\"@id\":\"https:\\\/\\\/pacificcostarica.com\\\/es\\\/#website\"},\"breadcrumb\":{\"@id\":\"https:\\\/\\\/pacificcostarica.com\\\/es\\\/por-que-las-empresas-necesitan-contenido-en-2026\\\/#breadcrumblist\"},\"author\":{\"@id\":\"https:\\\/\\\/pacificcostarica.com\\\/es\\\/author\\\/pacificmarketingagency\\\/#author\"},\"creator\":{\"@id\":\"https:\\\/\\\/pacificcostarica.com\\\/es\\\/author\\\/pacificmarketingagency\\\/#author\"},\"image\":{\"@type\":\"ImageObject\",\"url\":\"https:\\\/\\\/pacificcostarica.com\\\/wp-content\\\/uploads\\\/2026\\\/09\\\/brands-and-businesses-photography-costa-rica.webp\",\"@id\":\"https:\\\/\\\/pacificcostarica.com\\\/es\\\/por-que-las-empresas-necesitan-contenido-en-2026\\\/#mainImage\",\"width\":1800,\"height\":1201},\"primaryImageOfPage\":{\"@id\":\"https:\\\/\\\/pacificcostarica.com\\\/es\\\/por-que-las-empresas-necesitan-contenido-en-2026\\\/#mainImage\"},\"datePublished\":\"2026-09-01T09:59:45-06:00\",\"dateModified\":\"2026-09-01T10:01:02-06:00\"},{\"@type\":\"WebSite\",\"@id\":\"https:\\\/\\\/pacificcostarica.com\\\/es\\\/#website\",\"url\":\"https:\\\/\\\/pacificcostarica.com\\\/es\\\/\",\"name\":\"Pacific\",\"alternateName\":\"Pacific | Creative Studio\",\"description\":\"Building Brands. Crafting Stories. Creating Experiences\",\"inLanguage\":\"es-ES\",\"publisher\":{\"@id\":\"https:\\\/\\\/pacificcostarica.com\\\/es\\\/#organization\"}}]}\n\t\t<\/script>\n\t\t<!-- All in One SEO Pro -->\r\n\t\t<title>Por qu\u00e9 las empresas necesitan contenido en 2026 | Pacific Photography<\/title>\n\n","aioseo_head_json":{"title":"Por qu\u00e9 las empresas necesitan contenido en 2026 | Pacific Photography","description":"Por qu\u00e9 las empresas de turismo y hosteler\u00eda de Costa Rica necesitan contenido fotogr\u00e1fico y de v\u00eddeo profesional en 2026 \u2014 y qu\u00e9 ofrece realmente un paquete de contenido mensual.","canonical_url":"https:\/\/pacificcostarica.com\/es\/por-que-las-empresas-necesitan-contenido-en-2026\/","robots":"max-image-preview:large","keywords":"fotograf\u00eda comercial costa rica,creaci\u00f3n de contenido para empresas costa rica,fotograf\u00eda de marca jac\u00f3,contenido para redes sociales costa rica,fotograf\u00eda","webmasterTools":{"miscellaneous":""},"schema":{"@context":"https:\/\/schema.org","@graph":[{"@type":"BlogPosting","@id":"https:\/\/pacificcostarica.com\/es\/por-que-las-empresas-necesitan-contenido-en-2026\/#blogposting","name":"Por qu\u00e9 las empresas necesitan contenido en 2026 | Pacific Photography","headline":"Por qu\u00e9 las empresas necesitan contenido en 2026","author":{"@id":"https:\/\/pacificcostarica.com\/es\/author\/pacificmarketingagency\/#author"},"publisher":{"@id":"https:\/\/pacificcostarica.com\/es\/#organization"},"image":{"@type":"ImageObject","url":"https:\/\/pacificcostarica.com\/wp-content\/uploads\/2026\/09\/brands-and-businesses-photography-costa-rica.webp","width":1800,"height":1201},"datePublished":"2026-09-01T09:59:45-06:00","dateModified":"2026-09-01T10:01:02-06:00","inLanguage":"es-ES","mainEntityOfPage":{"@id":"https:\/\/pacificcostarica.com\/es\/por-que-las-empresas-necesitan-contenido-en-2026\/#webpage"},"isPartOf":{"@id":"https:\/\/pacificcostarica.com\/es\/por-que-las-empresas-necesitan-contenido-en-2026\/#webpage"},"articleSection":"Fotograf\u00eda, Opcional"},{"@type":"BreadcrumbList","@id":"https:\/\/pacificcostarica.com\/es\/por-que-las-empresas-necesitan-contenido-en-2026\/#breadcrumblist","itemListElement":[{"@type":"ListItem","@id":"https:\/\/pacificcostarica.com\/es\/#listItem","position":1,"name":"Home","item":"https:\/\/pacificcostarica.com\/es\/","nextItem":{"@type":"ListItem","@id":"https:\/\/pacificcostarica.com\/es\/category\/fotografia-2\/#listItem","name":"Fotograf\u00eda"}},{"@type":"ListItem","@id":"https:\/\/pacificcostarica.com\/es\/category\/fotografia-2\/#listItem","position":2,"name":"Fotograf\u00eda","item":"https:\/\/pacificcostarica.com\/es\/category\/fotografia-2\/","nextItem":{"@type":"ListItem","@id":"https:\/\/pacificcostarica.com\/es\/por-que-las-empresas-necesitan-contenido-en-2026\/#listItem","name":"Por qu\u00e9 las empresas necesitan contenido en 2026"},"previousItem":{"@type":"ListItem","@id":"https:\/\/pacificcostarica.com\/es\/#listItem","name":"Home"}},{"@type":"ListItem","@id":"https:\/\/pacificcostarica.com\/es\/por-que-las-empresas-necesitan-contenido-en-2026\/#listItem","position":3,"name":"Por qu\u00e9 las empresas necesitan contenido en 2026","previousItem":{"@type":"ListItem","@id":"https:\/\/pacificcostarica.com\/es\/category\/fotografia-2\/#listItem","name":"Fotograf\u00eda"}}]},{"@type":"Organization","@id":"https:\/\/pacificcostarica.com\/es\/#organization","name":"PACIFIC | Creative Studio","description":"Building Brands. Crafting Stories. Creating Experiences. From visual storytelling to digital strategy, Pacific brings together photography, film, marketing, web design, and destination weddings under one creative vision.","url":"https:\/\/pacificcostarica.com\/es\/","email":"info@pacificcostarica.com","telephone":"+50687070055","foundingDate":"2020-04-10","numberOfEmployees":{"@type":"QuantitativeValue","minValue":0,"maxValue":5},"logo":{"@type":"ImageObject","url":"https:\/\/pacificcostarica.com\/wp-content\/uploads\/2026\/07\/logo-alt-dark-x2.webp","@id":"https:\/\/pacificcostarica.com\/es\/por-que-las-empresas-necesitan-contenido-en-2026\/#organizationLogo","width":500,"height":77,"caption":"Pacific Creative Studio"},"image":{"@id":"https:\/\/pacificcostarica.com\/es\/por-que-las-empresas-necesitan-contenido-en-2026\/#organizationLogo"},"sameAs":["https:\/\/www.facebook.com\/pacificstudio.cr","https:\/\/www.instagram.com\/pacificstudio.cr","https:\/\/www.tiktok.com\/@pacificstudio.cr","https:\/\/www.youtube.com\/@pacificmarketingcr","https:\/\/www.linkedin.com\/company\/pacificmarketingcr\/"],"address":{"@id":"https:\/\/pacificcostarica.com\/es\/#postaladdress","@type":"PostalAddress","streetAddress":"Jac\u00f3","postalCode":"61101","addressLocality":"Jac\u00f3","addressRegion":"Puntarenas","addressCountry":"CR"},"taxID":"112400331318","vatID":"112400331318"},{"@type":"Person","@id":"https:\/\/pacificcostarica.com\/es\/author\/pacificmarketingagency\/#author","url":"https:\/\/pacificcostarica.com\/es\/author\/pacificmarketingagency\/","name":"Pacific"},{"@type":"WebPage","@id":"https:\/\/pacificcostarica.com\/es\/por-que-las-empresas-necesitan-contenido-en-2026\/#webpage","url":"https:\/\/pacificcostarica.com\/es\/por-que-las-empresas-necesitan-contenido-en-2026\/","name":"Por qu\u00e9 las empresas necesitan contenido en 2026 | Pacific Photography","description":"Por qu\u00e9 las empresas de turismo y hosteler\u00eda de Costa Rica necesitan contenido fotogr\u00e1fico y de v\u00eddeo profesional en 2026 \u2014 y qu\u00e9 ofrece realmente un paquete de contenido mensual.","inLanguage":"es-ES","isPartOf":{"@id":"https:\/\/pacificcostarica.com\/es\/#website"},"breadcrumb":{"@id":"https:\/\/pacificcostarica.com\/es\/por-que-las-empresas-necesitan-contenido-en-2026\/#breadcrumblist"},"author":{"@id":"https:\/\/pacificcostarica.com\/es\/author\/pacificmarketingagency\/#author"},"creator":{"@id":"https:\/\/pacificcostarica.com\/es\/author\/pacificmarketingagency\/#author"},"image":{"@type":"ImageObject","url":"https:\/\/pacificcostarica.com\/wp-content\/uploads\/2026\/09\/brands-and-businesses-photography-costa-rica.webp","@id":"https:\/\/pacificcostarica.com\/es\/por-que-las-empresas-necesitan-contenido-en-2026\/#mainImage","width":1800,"height":1201},"primaryImageOfPage":{"@id":"https:\/\/pacificcostarica.com\/es\/por-que-las-empresas-necesitan-contenido-en-2026\/#mainImage"},"datePublished":"2026-09-01T09:59:45-06:00","dateModified":"2026-09-01T10:01:02-06:00"},{"@type":"WebSite","@id":"https:\/\/pacificcostarica.com\/es\/#website","url":"https:\/\/pacificcostarica.com\/es\/","name":"Pacific","alternateName":"Pacific | Creative Studio","description":"Building Brands. Crafting Stories. Creating Experiences","inLanguage":"es-ES","publisher":{"@id":"https:\/\/pacificcostarica.com\/es\/#organization"}}]},"og:locale":"es_ES","og:site_name":"Pacific Creative Studio | Building Brands. Crafting Stories. Creating Experiences","og:type":"article","og:title":"Por qu\u00e9 las empresas necesitan contenido en 2026 | Pacific Photography","og:description":"Por qu\u00e9 las empresas de turismo y hosteler\u00eda de Costa Rica necesitan contenido fotogr\u00e1fico y de v\u00eddeo profesional en 2026 \u2014 y qu\u00e9 ofrece realmente un paquete de contenido mensual.","og:url":"https:\/\/pacificcostarica.com\/es\/por-que-las-empresas-necesitan-contenido-en-2026\/","og:image":"https:\/\/pacificcostarica.com\/wp-content\/uploads\/2026\/09\/brands-and-businesses-photography-costa-rica.webp","og:image:secure_url":"https:\/\/pacificcostarica.com\/wp-content\/uploads\/2026\/09\/brands-and-businesses-photography-costa-rica.webp","og:image:width":1800,"og:image:height":1201,"article:tag":["commercial photography costa rica","content creation for businesses costa rica","brand photography jaco","social media content costa rica"],"article:published_time":"2026-09-01T15:59:45+00:00","article:modified_time":"2026-09-01T16:01:02+00:00","article:publisher":"https:\/\/www.facebook.com\/pacificstudio.cr","twitter:card":"summary_large_image","twitter:title":"Por qu\u00e9 las empresas necesitan contenido en 2026 | Pacific Photography","twitter:description":"Por qu\u00e9 las empresas de turismo y hosteler\u00eda de Costa Rica necesitan contenido fotogr\u00e1fico y de v\u00eddeo profesional en 2026 \u2014 y qu\u00e9 ofrece realmente un paquete de contenido mensual.","twitter:image":"https:\/\/pacificcostarica.com\/wp-content\/uploads\/2026\/09\/brands-and-businesses-photography-costa-rica.webp"},"aioseo_meta_data":{"post_id":"1348","title":"Por qu\u00e9 las empresas necesitan contenido en 2026 | Pacific Photography","description":"Por qu\u00e9 las empresas de turismo y hosteler\u00eda de Costa Rica necesitan contenido fotogr\u00e1fico y de v\u00eddeo profesional en 2026 \u2014 y qu\u00e9 ofrece realmente un paquete de contenido mensual.","keywords":[{"label":"fotograf\u00eda comercial Costa Rica","value":"fotograf\u00eda comercial Costa Rica"},{"label":"creaci\u00f3n de contenido para empresas Costa Rica","value":"creaci\u00f3n de contenido para empresas Costa Rica"},{"label":"fotograf\u00eda de marca Jac\u00f3","value":"fotograf\u00eda de marca Jac\u00f3"},{"label":"contenido para redes sociales Costa Rica","value":"contenido para redes sociales Costa Rica"}],"keyphrases":{"focus":{"keyphrase":"commercial photography Costa Rica","score":0,"analysis":[]},"additional":[]},"primary_term":null,"canonical_url":null,"og_title":"Por qu\u00e9 las empresas necesitan contenido en 2026 | Pacific Photography","og_description":"Por qu\u00e9 las empresas de turismo y hosteler\u00eda de Costa Rica necesitan contenido fotogr\u00e1fico y de v\u00eddeo profesional en 2026 \u2014 y qu\u00e9 ofrece realmente un paquete de contenido mensual.","og_object_type":"default","og_image_type":"default","og_image_custom_url":null,"og_image_custom_fields":null,"og_image_url":null,"og_image_width":null,"og_image_height":null,"og_video":"","og_custom_url":null,"og_article_section":null,"og_article_tags":[{"label":"commercial photography Costa Rica","value":"commercial photography Costa Rica"},{"label":"content creation for businesses Costa Rica","value":"content creation for businesses Costa Rica"},{"label":"brand photography Jaco","value":"brand photography Jaco"},{"label":"social media content Costa Rica","value":"social media content Costa Rica"}],"twitter_use_og":true,"twitter_card":"default","twitter_image_type":"default","twitter_image_custom_url":null,"twitter_image_custom_fields":null,"twitter_image_url":null,"twitter_title":null,"twitter_description":null,"schema_type":"default","schema_type_options":null,"schema":{"blockGraphs":[],"customGraphs":[],"default":{"data":{"Article":[],"Course":[],"Dataset":[],"FAQPage":[],"Movie":[],"Person":[],"Product":[],"ProductReview":[],"Car":[],"Recipe":[],"Service":[],"SoftwareApplication":[],"WebPage":[]},"graphName":"BlogPosting","isEnabled":true},"graphs":[]},"pillar_content":false,"robots_default":true,"robots_noindex":false,"robots_noarchive":false,"robots_nosnippet":false,"robots_nofollow":false,"robots_noimageindex":false,"robots_noodp":false,"robots_notranslate":false,"robots_max_snippet":"-1","robots_max_videopreview":"-1","robots_max_imagepreview":"large","priority":null,"frequency":"default","local_seo":null,"limit_modified_date":false,"ai":{"faqs":[],"keyPoints":[],"schemas":[],"titles":[],"descriptions":[],"socialPosts":{"email":{"subject":"","preview":"","content":""},"linkedin":[],"twitter":[],"facebook":[],"instagram":[]}},"breadcrumb_settings":null,"seo_analyzer_scan_date":"2026-09-01 16:00:07","created":"2026-09-01 16:01:02","updated":"2026-09-01 16:38:34","reviewed_by":null,"focus_keyword":"commercial photography Costa Rica","additional_keywords":null,"truseo_locale":null},"aioseo_breadcrumb":"<div class=\"aioseo-breadcrumbs\"><span class=\"aioseo-breadcrumb\">\n\t<a href=\"https:\/\/pacificcostarica.com\/es\/\" title=\"Home\">Home<\/a>\n<\/span><span class=\"aioseo-breadcrumb-separator\">\u00bb<\/span><span class=\"aioseo-breadcrumb\">\n\t<a href=\"https:\/\/pacificcostarica.com\/es\/category\/fotografia-2\/\" title=\"Fotograf\u00eda\">Fotograf\u00eda<\/a>\n<\/span><span class=\"aioseo-breadcrumb-separator\">\u00bb<\/span><span class=\"aioseo-breadcrumb\">\n\tPor qu\u00e9 las empresas necesitan contenido en 2026\n<\/span><\/div>","aioseo_breadcrumb_json":[{"label":"Home","link":"https:\/\/pacificcostarica.com\/es\/"},{"label":"Fotograf\u00eda","link":"https:\/\/pacificcostarica.com\/es\/category\/fotografia-2\/"},{"label":"Por qu\u00e9 las empresas necesitan contenido en 2026","link":"https:\/\/pacificcostarica.com\/es\/por-que-las-empresas-necesitan-contenido-en-2026\/"}],"_links":{"self":[{"href":"https:\/\/pacificcostarica.com\/es\/wp-json\/wp\/v2\/posts\/1348","targetHints":{"allow":["GET"]}}],"collection":[{"href":"https:\/\/pacificcostarica.com\/es\/wp-json\/wp\/v2\/posts"}],"about":[{"href":"https:\/\/pacificcostarica.com\/es\/wp-json\/wp\/v2\/types\/post"}],"author":[{"embeddable":true,"href":"https:\/\/pacificcostarica.com\/es\/wp-json\/wp\/v2\/users\/1"}],"replies":[{"embeddable":true,"href":"https:\/\/pacificcostarica.com\/es\/wp-json\/wp\/v2\/comments?post=1348"}],"version-history":[{"count":2,"href":"https:\/\/pacificcostarica.com\/es\/wp-json\/wp\/v2\/posts\/1348\/revisions"}],"predecessor-version":[{"id":1351,"href":"https:\/\/pacificcostarica.com\/es\/wp-json\/wp\/v2\/posts\/1348\/revisions\/1351"}],"wp:featuredmedia":[{"embeddable":true,"href":"https:\/\/pacificcostarica.com\/es\/wp-json\/wp\/v2\/media\/1349"}],"wp:attachment":[{"href":"https:\/\/pacificcostarica.com\/es\/wp-json\/wp\/v2\/media?parent=1348"}],"wp:term":[{"taxonomy":"category","embeddable":true,"href":"https:\/\/pacificcostarica.com\/es\/wp-json\/wp\/v2\/categories?post=1348"},{"taxonomy":"post_tag","embeddable":true,"href":"https:\/\/pacificcostarica.com\/es\/wp-json\/wp\/v2\/tags?post=1348"}],"curies":[{"name":"wp","href":"https:\/\/api.w.org\/{rel}","templated":true}]}}